{"id":767,"date":"2011-04-29T01:42:19","date_gmt":"2011-04-29T00:42:19","guid":{"rendered":"http:\/\/www.durch-die-welt.de\/?p=767"},"modified":"2011-08-29T09:53:10","modified_gmt":"2011-08-29T08:53:10","slug":"erster-zelttest","status":"publish","type":"post","link":"https:\/\/www.durch-die-welt.de\/index.php\/erster-zelttest\/","title":{"rendered":"Erster Zelttest"},"content":{"rendered":"<p>Die letzten beiden Wochenenden haben wir kleine Ausfl\u00fcge in den Schwarzwald und in die Vogesen unternommen und haben gleich unser neues Zelt getestet.<br \/>\nWir haben uns gegen einen Tunnel-Zelt entschieden das zwar leichter, gr\u00f6sser und mit einer grossen Apsis gepunktet h\u00e4tte, aber auch immer abgespannt werden muss und vor allem mehr Stellfl\u00e4che braucht und bei Seitenwind instabiler w\u00e4re. Und ich leg Wert darauf bei leichten Schr\u00e4gen mit dem Kopf aufw\u00e4rts zu schlafen, da kann ich dann keine R\u00fccksicht auf Wind nehmen.<br \/>\nEntschieden haben wir uns wie bereits beschrieben f\u00fcr das <a href=\"http:\/\/www.wechsel-tents.de\/produkte\/kuppelzelte\/summit\/\">Summit von Wechsel<\/a>. Einem f\u00fcr 2 Personen recht ger\u00e4umigen klassischen Geod\u00e4ten und zwar in der Zero G Variante, die leichter und robuster sein soll und f\u00fcr den Expeditionseinsatz entwickelt wurde.<br \/>\nIch hatte bisher immer Kuppelzelte und auch bereits einen Geod\u00e4ten und wollte f\u00fcr Patagonien etwas windstabiles\u00a0 Zelt das m\u00f6glichst nicht so laut flattert.<\/p>\n<p><a href=\"https:\/\/www.durch-die-welt.de\/wp-content\/uploads\/2011\/04\/Wechsel-Summit-10.jpg\" data-lbwps-width=\"800\" data-lbwps-height=\"531\" data-lbwps-srcsmall=\"https:\/\/www.durch-die-welt.de\/wp-content\/uploads\/2011\/04\/Wechsel-Summit-10.jpg\"><img loading=\"lazy\" decoding=\"async\" class=\"alignright size-medium wp-image-791\" title=\"Wechsel Summit 10\" src=\"https:\/\/www.durch-die-welt.de\/wp-content\/uploads\/2011\/04\/Wechsel-Summit-10-300x199.jpg\" alt=\"Innenzelt\" width=\"300\" height=\"199\" srcset=\"https:\/\/www.durch-die-welt.de\/wp-content\/uploads\/2011\/04\/Wechsel-Summit-10-300x199.jpg 300w, https:\/\/www.durch-die-welt.de\/wp-content\/uploads\/2011\/04\/Wechsel-Summit-10.jpg 800w\" sizes=\"auto, (max-width: 300px) 100vw, 300px\" \/><\/a>Beim ersten Aufbauen stellten wir uns noch etwas ungeschickt an die 4 Gest\u00e4ngeb\u00f6gen in die Gest\u00e4ngekan\u00e4le am Innenzelt einzuschieben. Bisher war ich die Clip Systeme von Salewa und Vaude gewohnt. Bei jedem weiteren Aufbau gelang das Einschieben besser, wenn auch durch die L\u00e4nge der Stangen immer die Gefahr besteht, da\u00df man sich im Boden verhakt, zumindest wenn man es allein versucht. Die Clips f\u00fcr die beiden &#8222;Seitenstangen&#8220;, die k\u00fcrzere Kan\u00e4le haben sind etwas schwerg\u00e4ngig und erfordern eine zwei-Hand-Bedienung. Die Stangen werden, mehr oder weniger einfach unten in \u00d6sen eingesteckt. Durch die leichte &#8222;Pilzform&#8220; der Stangenenden halten die Stangen gut in den \u00d6sen und rutschen nicht so leicht von allein wieder raus, was vermutlich Sturmstabilit\u00e4t bringt, den Auf- und besonders den Abbau aber etwas erschwert da sich die Stangenenden leicht verhaken.<\/p>\n<p>&nbsp;<\/p>\n<p><a href=\"https:\/\/www.durch-die-welt.de\/wp-content\/uploads\/2011\/04\/Wechsel-Summit-09.jpg\" data-lbwps-width=\"800\" data-lbwps-height=\"531\" data-lbwps-srcsmall=\"https:\/\/www.durch-die-welt.de\/wp-content\/uploads\/2011\/04\/Wechsel-Summit-09.jpg\"><img loading=\"lazy\" decoding=\"async\" class=\"alignleft size-medium wp-image-790\" title=\"Wechsel Summit 09\" src=\"https:\/\/www.durch-die-welt.de\/wp-content\/uploads\/2011\/04\/Wechsel-Summit-09-300x199.jpg\" alt=\"\" width=\"300\" height=\"199\" srcset=\"https:\/\/www.durch-die-welt.de\/wp-content\/uploads\/2011\/04\/Wechsel-Summit-09-300x199.jpg 300w, https:\/\/www.durch-die-welt.de\/wp-content\/uploads\/2011\/04\/Wechsel-Summit-09.jpg 800w\" sizes=\"auto, (max-width: 300px) 100vw, 300px\" \/><\/a>Beim Aussenzelt empfehle ich, entgegen der Aufbauanleitung, die Vorzeltstange zuerst einzuf\u00e4deln, was gleich den Vorteil hat das \u00dcberzelt in einem Schwung und komplett ausgebreitet segel\u00e4hnlich &#8222;\u00fcberwerfen&#8220; zu k\u00f6nnen. Das \u00dcberzelt wird mit Schnappverschl\u00fcssen an den unteren Stangenenden eingeklipst und kann dann straff gezogen werden. Allerdings gelang es uns bisher nicht die unteren Seiten ordentlich auf Spannung zu bekommen.<\/p>\n<p>Vielleicht liegt das ja an der 2. Wahl die wir gekauft hatten, was aber angeblich nur ein paar Falten zur Folge haben sollte.<\/p>\n<p>Die Abspannleinen fallen zum Teil recht kurz aus, zumindest wenn man sie an den jeweils beiden Abspannpunkten befestigt. Im Auslieferungszustand sind sie nur am jeweils oberen Spannpunkt verknotet. Die Einhandspanner sind etwas ungewohnt funktionieren aber gut. Die\u00a0 nachts reflektierenden Spannleinen sind mit netten Warnwimpeln versehen, in die man beim Abbau auch gleich die Schn\u00fcre wieder einrollen kann. Allerdings tendieren die Wimpel dazu zum Boden herunter zu rutschen um dann nichtmehr vor den Spannleinen zu warnen, die zum dr\u00fcberstolpern eh zu kurz sind, als vielmehr vor den H\u00e4ringen, was aber auch praktisch ist.<\/p>\n<p><a href=\"https:\/\/www.durch-die-welt.de\/wp-content\/uploads\/2011\/04\/Wechsel-Summit-12.jpg\" data-lbwps-width=\"800\" data-lbwps-height=\"531\" data-lbwps-srcsmall=\"https:\/\/www.durch-die-welt.de\/wp-content\/uploads\/2011\/04\/Wechsel-Summit-12.jpg\"><img loading=\"lazy\" decoding=\"async\" class=\"alignleft size-thumbnail wp-image-793\" title=\"Wechsel Summit 12\" src=\"https:\/\/www.durch-die-welt.de\/wp-content\/uploads\/2011\/04\/Wechsel-Summit-12-150x150.jpg\" alt=\"heruntergerutschter Warnwimpel\" width=\"150\" height=\"150\" \/><\/a><a href=\"https:\/\/www.durch-die-welt.de\/wp-content\/uploads\/2011\/04\/Wechsel-Summit-05.jpg\" data-lbwps-width=\"800\" data-lbwps-height=\"531\" data-lbwps-srcsmall=\"https:\/\/www.durch-die-welt.de\/wp-content\/uploads\/2011\/04\/Wechsel-Summit-05.jpg\"><img loading=\"lazy\" decoding=\"async\" class=\"alignright size-thumbnail wp-image-786\" title=\"Wechsel Summit 05\" src=\"https:\/\/www.durch-die-welt.de\/wp-content\/uploads\/2011\/04\/Wechsel-Summit-05-150x150.jpg\" alt=\"Apspannleine mit Wimpel\" width=\"150\" height=\"150\" \/><\/a><a href=\"https:\/\/www.durch-die-welt.de\/wp-content\/uploads\/2011\/04\/Wechsel-Summit-06.jpg\" data-lbwps-width=\"800\" data-lbwps-height=\"531\" data-lbwps-srcsmall=\"https:\/\/www.durch-die-welt.de\/wp-content\/uploads\/2011\/04\/Wechsel-Summit-06.jpg\"><img loading=\"lazy\" decoding=\"async\" class=\"aligncenter size-thumbnail wp-image-787\" title=\"Wechsel Summit 06\" src=\"https:\/\/www.durch-die-welt.de\/wp-content\/uploads\/2011\/04\/Wechsel-Summit-06-150x150.jpg\" alt=\"aufgerollte Abspannleine\" width=\"150\" height=\"150\" \/><\/a><\/p>\n<p>Die H\u00e4ringe haben in der Zero G Ausstattung ein X Profil und machen einen sehr Stabilen Eindruck, sind f\u00fcr weiche Waldb\u00f6den aber etwas kurz. K\u00f6pfe sind so eingeschnitten dass die Spannleinen gut halten und nicht abrutschen. Allerdings sind die H\u00e4ringe mit blo\u00dfen H\u00e4nden kaum verwendbar, da sie extrem hartkantig sind. selbst bei weichem Boden braucht es Hilfsmittel zum eindr\u00fccken um sich nicht weh zu tun. Aus dem Boden wieder raus steigt die Verletzungsgefahr noch an.<\/p>\n<p style=\"text-align: left;\"><a href=\"https:\/\/www.durch-die-welt.de\/wp-content\/uploads\/2011\/04\/DSC_0064.jpg\" data-lbwps-width=\"3216\" data-lbwps-height=\"2136\" data-lbwps-srcsmall=\"https:\/\/www.durch-die-welt.de\/wp-content\/uploads\/2011\/04\/DSC_0064.jpg\"><img loading=\"lazy\" decoding=\"async\" class=\"alignright size-medium wp-image-808\" title=\"Wechsel Summit Apsis\" src=\"https:\/\/www.durch-die-welt.de\/wp-content\/uploads\/2011\/04\/DSC_0064-300x199.jpg\" alt=\"Apsis von Innen\" width=\"300\" height=\"199\" srcset=\"https:\/\/www.durch-die-welt.de\/wp-content\/uploads\/2011\/04\/DSC_0064-300x199.jpg 300w, https:\/\/www.durch-die-welt.de\/wp-content\/uploads\/2011\/04\/DSC_0064-1024x680.jpg 1024w\" sizes=\"auto, (max-width: 300px) 100vw, 300px\" \/><\/a>Der Innenraum des Wechsel Summit ist f\u00fcr 2 Personen sehr ger\u00e4umig, was f\u00fcr uns ein Kaufargument war. Der Inneraum ist scheinbar f\u00fcr Querschl\u00e4fer ausgelegt, da die Innentaschen an den Seitenw\u00e4nden sind und f\u00fcr uns als mittige L\u00e4ngsschl\u00e4fer nachts nicht so recht erreichbar. Das kommt davon wenn man ein gro\u00dfes Zelt will. Noch kleine Taschen an den Ecken zum Eingang w\u00e4ren eine nett Zugabe. Durch die helle Farbe ist es auch im Innenraum recht hell und ich bin Morgens viel zu fr\u00fch wach geworden.<\/p>\n<p style=\"text-align: left;\"><a href=\"https:\/\/www.durch-die-welt.de\/wp-content\/uploads\/2011\/04\/Wechsel-Summit-03.jpg\" data-lbwps-width=\"800\" data-lbwps-height=\"531\" data-lbwps-srcsmall=\"https:\/\/www.durch-die-welt.de\/wp-content\/uploads\/2011\/04\/Wechsel-Summit-03.jpg\"><img loading=\"lazy\" decoding=\"async\" class=\"alignleft size-medium wp-image-784\" title=\"Wechsel Summit 03\" src=\"https:\/\/www.durch-die-welt.de\/wp-content\/uploads\/2011\/04\/Wechsel-Summit-03-300x199.jpg\" alt=\"Vordere Apsis\" width=\"300\" height=\"199\" srcset=\"https:\/\/www.durch-die-welt.de\/wp-content\/uploads\/2011\/04\/Wechsel-Summit-03-300x199.jpg 300w, https:\/\/www.durch-die-welt.de\/wp-content\/uploads\/2011\/04\/Wechsel-Summit-03.jpg 800w\" sizes=\"auto, (max-width: 300px) 100vw, 300px\" \/><\/a><a href=\"https:\/\/www.durch-die-welt.de\/wp-content\/uploads\/2011\/04\/Wechsel-Summit-02.jpg\" data-lbwps-width=\"800\" data-lbwps-height=\"531\" data-lbwps-srcsmall=\"https:\/\/www.durch-die-welt.de\/wp-content\/uploads\/2011\/04\/Wechsel-Summit-02.jpg\"><img loading=\"lazy\" decoding=\"async\" class=\"alignleft size-medium wp-image-783\" title=\"Wechsel Summit 02\" src=\"https:\/\/www.durch-die-welt.de\/wp-content\/uploads\/2011\/04\/Wechsel-Summit-02-300x199.jpg\" alt=\"Hintereingang\" width=\"300\" height=\"199\" srcset=\"https:\/\/www.durch-die-welt.de\/wp-content\/uploads\/2011\/04\/Wechsel-Summit-02-300x199.jpg 300w, https:\/\/www.durch-die-welt.de\/wp-content\/uploads\/2011\/04\/Wechsel-Summit-02.jpg 800w\" sizes=\"auto, (max-width: 300px) 100vw, 300px\" \/><\/a>Die Apsis sah im Laden dagegen etwas ger\u00e4umiger aus als sie dann tats\u00e4chlich war. Da hatten wir uns etwas versch\u00e4tzt &#8211; muss halt mehr ins Zelt, da hats ja Platz genug.<\/p>\n<p>Der Eingang durch die vordere Apsis ist nix f\u00fcr Gro\u00dfe oder Ungelenkige und der Hintereingang ist auch nicht \u00fcbertrieben gro\u00df und wohl eher als Notausgang konzipiert. Bei schlechtem Wetter sollte er zu bleiben da das Wasser sonst direkt in das Innenzelt laufen w\u00fcrde.<br \/>\nDie Stellfl\u00e4che f\u00fcr etwas Gep\u00e4ck im Hintereingang sollte auch nicht \u00fcbersch\u00e4tzt werden aber mein kleiner Rucksack passt rein. Gep\u00e4ckrolle w\u00fcrd auch gehn aber die ist fast leer sobald Schlafsack und Isomatte im Zelt sind und die Aluboxen finden hier wahrscheinlich keinen Platz.<\/p>\n<p style=\"text-align: left;\">Zu guter Letzt haben wir sogar noch herausgefunden wie das Zelt verspannt werden muss damit die oberen Seitenfl\u00e4chen nicht am Innenzelt anliegen. Die Spannleinen m\u00fcssen mehr nach vorn und hinten als zu den Seiten gezurrt werden &#8211; Dann hebt sich das Aussenzelt besser ab.<\/p>\n<p style=\"text-align: left;\">F\u00fcr die labbrigen Unterkanten hab ich auch schon eine <a title=\"Spannung an der Zeltunterkante\" href=\"https:\/\/www.durch-die-welt.de\/wp-content\/uploads\/2011\/04\/Zeltspanner.jpg\" data-lbwps-width=\"640\" data-lbwps-height=\"853\" data-lbwps-srcsmall=\"https:\/\/www.durch-die-welt.de\/wp-content\/uploads\/2011\/04\/Zeltspanner.jpg\" data-lbwps-caption=\"Zusatz Spannung\">Idee<\/a>.<\/p>\n<p style=\"text-align: left;\">Aufgebaut haben wir das Zelt mittlerweile nach knapp 5 Minuten, der Abbau dauert etwas l\u00e4nger da die x Profile der H\u00e4ringe wahre Dreckf\u00e4nger sind und das Zelt ja auch noch ordentlich zusammengelegt und gerollt werden will damit es wieder in den Packsack passt. Der ist im Gegensatz zum Stangensack auch ausreichend Gross dimensioniert. Ungewohnt ist noch das silikonisierte Nylon, da das Gewebe extrem schl\u00fcpfrig ist und sich schlecht greifen und rollen l\u00e4sst.<\/p>\n<p style=\"text-align: left;\">Bin mal gespannt wann wir eine gro\u00dfe Apsis vermissen &#8211; die letzten Jahre h\u00e4tte ich nie eine gebraucht, war aber auch bisher nie so lange zu zweit unterwegs.<\/p>\n<p>&nbsp;<\/p>\n<p>&nbsp;<\/p>\n\n\t\t<style type=\"text\/css\">\n\t\t\t#gallery-1 {\n\t\t\t\tmargin: auto;\n\t\t\t}\n\t\t\t#gallery-1 .gallery-item {\n\t\t\t\tfloat: left;\n\t\t\t\tmargin-top: 10px;\n\t\t\t\ttext-align: center;\n\t\t\t\twidth: 33%;\n\t\t\t}\n\t\t\t#gallery-1 img {\n\t\t\t\tborder: 2px solid #cfcfcf;\n\t\t\t}\n\t\t\t#gallery-1 .gallery-caption {\n\t\t\t\tmargin-left: 0;\n\t\t\t}\n\t\t\t\/* see gallery_shortcode() in wp-includes\/media.php *\/\n\t\t<\/style>\n\t\t<div id='gallery-1' class='gallery galleryid-767 gallery-columns-3 gallery-size-thumbnail'><dl class='gallery-item'>\n\t\t\t<dt class='gallery-icon landscape'>\n\t\t\t\t<a href='https:\/\/www.durch-die-welt.de\/index.php\/erster-zelttest\/wechsel-summit-01\/'><img loading=\"lazy\" decoding=\"async\" width=\"150\" height=\"150\" src=\"https:\/\/www.durch-die-welt.de\/wp-content\/uploads\/2011\/04\/Wechsel-Summit-01-150x150.jpg\" class=\"attachment-thumbnail size-thumbnail\" alt=\"\" \/><\/a>\n\t\t\t<\/dt><\/dl><dl class='gallery-item'>\n\t\t\t<dt class='gallery-icon landscape'>\n\t\t\t\t<a href='https:\/\/www.durch-die-welt.de\/index.php\/erster-zelttest\/wechsel-summit-02\/'><img loading=\"lazy\" decoding=\"async\" width=\"150\" height=\"150\" src=\"https:\/\/www.durch-die-welt.de\/wp-content\/uploads\/2011\/04\/Wechsel-Summit-02-150x150.jpg\" class=\"attachment-thumbnail size-thumbnail\" alt=\"Hintereingang\" \/><\/a>\n\t\t\t<\/dt><\/dl><dl class='gallery-item'>\n\t\t\t<dt class='gallery-icon landscape'>\n\t\t\t\t<a href='https:\/\/www.durch-die-welt.de\/index.php\/erster-zelttest\/wechsel-summit-03\/'><img loading=\"lazy\" decoding=\"async\" width=\"150\" height=\"150\" src=\"https:\/\/www.durch-die-welt.de\/wp-content\/uploads\/2011\/04\/Wechsel-Summit-03-150x150.jpg\" class=\"attachment-thumbnail size-thumbnail\" alt=\"Vordere Apsis\" \/><\/a>\n\t\t\t<\/dt><\/dl><br style=\"clear: both\" \/><dl class='gallery-item'>\n\t\t\t<dt class='gallery-icon landscape'>\n\t\t\t\t<a href='https:\/\/www.durch-die-welt.de\/index.php\/erster-zelttest\/wechsel-summit-04\/'><img loading=\"lazy\" decoding=\"async\" width=\"150\" height=\"150\" src=\"https:\/\/www.durch-die-welt.de\/wp-content\/uploads\/2011\/04\/Wechsel-Summit-04-150x150.jpg\" class=\"attachment-thumbnail size-thumbnail\" alt=\"\" \/><\/a>\n\t\t\t<\/dt><\/dl><dl class='gallery-item'>\n\t\t\t<dt class='gallery-icon landscape'>\n\t\t\t\t<a href='https:\/\/www.durch-die-welt.de\/index.php\/erster-zelttest\/wechsel-summit-05\/'><img loading=\"lazy\" decoding=\"async\" width=\"150\" height=\"150\" src=\"https:\/\/www.durch-die-welt.de\/wp-content\/uploads\/2011\/04\/Wechsel-Summit-05-150x150.jpg\" class=\"attachment-thumbnail size-thumbnail\" alt=\"Apspannleine mit Wimpel\" \/><\/a>\n\t\t\t<\/dt><\/dl><dl class='gallery-item'>\n\t\t\t<dt class='gallery-icon landscape'>\n\t\t\t\t<a href='https:\/\/www.durch-die-welt.de\/index.php\/erster-zelttest\/wechsel-summit-06\/'><img loading=\"lazy\" decoding=\"async\" width=\"150\" height=\"150\" src=\"https:\/\/www.durch-die-welt.de\/wp-content\/uploads\/2011\/04\/Wechsel-Summit-06-150x150.jpg\" class=\"attachment-thumbnail size-thumbnail\" alt=\"aufgerollte Abspannleine\" \/><\/a>\n\t\t\t<\/dt><\/dl><br style=\"clear: both\" \/><dl class='gallery-item'>\n\t\t\t<dt class='gallery-icon landscape'>\n\t\t\t\t<a href='https:\/\/www.durch-die-welt.de\/index.php\/erster-zelttest\/wechsel-summit-07\/'><img loading=\"lazy\" decoding=\"async\" width=\"150\" height=\"150\" src=\"https:\/\/www.durch-die-welt.de\/wp-content\/uploads\/2011\/04\/Wechsel-Summit-07-150x150.jpg\" class=\"attachment-thumbnail size-thumbnail\" alt=\"\" \/><\/a>\n\t\t\t<\/dt><\/dl><dl class='gallery-item'>\n\t\t\t<dt class='gallery-icon landscape'>\n\t\t\t\t<a href='https:\/\/www.durch-die-welt.de\/index.php\/erster-zelttest\/wechsel-summit-08\/'><img loading=\"lazy\" decoding=\"async\" width=\"150\" height=\"150\" src=\"https:\/\/www.durch-die-welt.de\/wp-content\/uploads\/2011\/04\/Wechsel-Summit-08-150x150.jpg\" class=\"attachment-thumbnail size-thumbnail\" alt=\"\" \/><\/a>\n\t\t\t<\/dt><\/dl><dl class='gallery-item'>\n\t\t\t<dt class='gallery-icon landscape'>\n\t\t\t\t<a href='https:\/\/www.durch-die-welt.de\/index.php\/erster-zelttest\/wechsel-summit-09\/'><img loading=\"lazy\" decoding=\"async\" width=\"150\" height=\"150\" src=\"https:\/\/www.durch-die-welt.de\/wp-content\/uploads\/2011\/04\/Wechsel-Summit-09-150x150.jpg\" class=\"attachment-thumbnail size-thumbnail\" alt=\"\" \/><\/a>\n\t\t\t<\/dt><\/dl><br style=\"clear: both\" \/><dl class='gallery-item'>\n\t\t\t<dt class='gallery-icon landscape'>\n\t\t\t\t<a href='https:\/\/www.durch-die-welt.de\/index.php\/erster-zelttest\/wechsel-summit-10\/'><img loading=\"lazy\" decoding=\"async\" width=\"150\" height=\"150\" src=\"https:\/\/www.durch-die-welt.de\/wp-content\/uploads\/2011\/04\/Wechsel-Summit-10-150x150.jpg\" class=\"attachment-thumbnail size-thumbnail\" alt=\"Innenzelt\" \/><\/a>\n\t\t\t<\/dt><\/dl><dl class='gallery-item'>\n\t\t\t<dt class='gallery-icon landscape'>\n\t\t\t\t<a href='https:\/\/www.durch-die-welt.de\/index.php\/erster-zelttest\/wechsel-summit-11\/'><img loading=\"lazy\" decoding=\"async\" width=\"150\" height=\"150\" src=\"https:\/\/www.durch-die-welt.de\/wp-content\/uploads\/2011\/04\/Wechsel-Summit-11-150x150.jpg\" class=\"attachment-thumbnail size-thumbnail\" alt=\"\" \/><\/a>\n\t\t\t<\/dt><\/dl><dl class='gallery-item'>\n\t\t\t<dt class='gallery-icon landscape'>\n\t\t\t\t<a href='https:\/\/www.durch-die-welt.de\/index.php\/erster-zelttest\/wechsel-summit-12\/'><img loading=\"lazy\" decoding=\"async\" width=\"150\" height=\"150\" src=\"https:\/\/www.durch-die-welt.de\/wp-content\/uploads\/2011\/04\/Wechsel-Summit-12-150x150.jpg\" class=\"attachment-thumbnail size-thumbnail\" alt=\"heruntergerutschter Warnwimpel\" \/><\/a>\n\t\t\t<\/dt><\/dl><br style=\"clear: both\" \/><dl class='gallery-item'>\n\t\t\t<dt class='gallery-icon landscape'>\n\t\t\t\t<a href='https:\/\/www.durch-die-welt.de\/index.php\/erster-zelttest\/wechsel-summit-13\/'><img loading=\"lazy\" decoding=\"async\" width=\"150\" height=\"150\" src=\"https:\/\/www.durch-die-welt.de\/wp-content\/uploads\/2011\/04\/Wechsel-Summit-13-150x150.jpg\" class=\"attachment-thumbnail size-thumbnail\" alt=\"\" \/><\/a>\n\t\t\t<\/dt><\/dl><dl class='gallery-item'>\n\t\t\t<dt class='gallery-icon landscape'>\n\t\t\t\t<a href='https:\/\/www.durch-die-welt.de\/index.php\/erster-zelttest\/dsc_0064\/'><img loading=\"lazy\" decoding=\"async\" width=\"150\" height=\"150\" src=\"https:\/\/www.durch-die-welt.de\/wp-content\/uploads\/2011\/04\/DSC_0064-150x150.jpg\" class=\"attachment-thumbnail size-thumbnail\" alt=\"Apsis von Innen\" \/><\/a>\n\t\t\t<\/dt><\/dl><dl class='gallery-item'>\n\t\t\t<dt class='gallery-icon portrait'>\n\t\t\t\t<a href='https:\/\/www.durch-die-welt.de\/index.php\/erster-zelttest\/zeltspanner\/'><img loading=\"lazy\" decoding=\"async\" width=\"150\" height=\"150\" src=\"https:\/\/www.durch-die-welt.de\/wp-content\/uploads\/2011\/04\/Zeltspanner-150x150.jpg\" class=\"attachment-thumbnail size-thumbnail\" alt=\"\" aria-describedby=\"gallery-1-1177\" srcset=\"https:\/\/www.durch-die-welt.de\/wp-content\/uploads\/2011\/04\/Zeltspanner-150x150.jpg 150w, https:\/\/www.durch-die-welt.de\/wp-content\/uploads\/2011\/04\/Zeltspanner-96x96.jpg 96w, https:\/\/www.durch-die-welt.de\/wp-content\/uploads\/2011\/04\/Zeltspanner-24x24.jpg 24w, https:\/\/www.durch-die-welt.de\/wp-content\/uploads\/2011\/04\/Zeltspanner-36x36.jpg 36w, https:\/\/www.durch-die-welt.de\/wp-content\/uploads\/2011\/04\/Zeltspanner-48x48.jpg 48w, https:\/\/www.durch-die-welt.de\/wp-content\/uploads\/2011\/04\/Zeltspanner-64x64.jpg 64w\" sizes=\"auto, (max-width: 150px) 100vw, 150px\" \/><\/a>\n\t\t\t<\/dt>\n\t\t\t\t<dd class='wp-caption-text gallery-caption' id='gallery-1-1177'>\n\t\t\t\tZusatz Spannung\n\t\t\t\t<\/dd><\/dl><br style=\"clear: both\" \/>\n\t\t<\/div>\n\n","protected":false},"excerpt":{"rendered":"<p>Die letzten beiden Wochenenden haben wir kleine Ausfl\u00fcge in den Schwarzwald und in die Vogesen unternommen und haben gleich unser neues Zelt getestet. Wir haben uns gegen einen Tunnel-Zelt entschieden das zwar leichter, gr\u00f6sser und mit einer grossen Apsis gepunktet h\u00e4tte, aber auch immer abgespannt werden muss und vor allem mehr Stellfl\u00e4che braucht und bei <a href='https:\/\/www.durch-die-welt.de\/index.php\/erster-zelttest\/' class='excerpt-more'>[&#8230;]<\/a><\/p>\n","protected":false},"author":2,"featured_media":794,"comment_status":"open","ping_status":"closed","sticky":false,"template":"","format":"standard","meta":{"footnotes":""},"categories":[57,127],"tags":[315,322,68,95,96,97],"class_list":["post-767","post","type-post","status-publish","format-standard","has-post-thumbnail","hentry","category-vorbereitung","category-testberichte-erfahrungsberichte","tag-zelt","tag-wechsel","tag-summit","tag-zelttest","tag-geodaet","tag-apsis","category-57-id","category-127-id","post-seq-1","post-parity-odd","meta-position-corners","fix"],"_links":{"self":[{"href":"https:\/\/www.durch-die-welt.de\/index.php\/wp-json\/wp\/v2\/posts\/767","targetHints":{"allow":["GET"]}}],"collection":[{"href":"https:\/\/www.durch-die-welt.de\/index.php\/wp-json\/wp\/v2\/posts"}],"about":[{"href":"https:\/\/www.durch-die-welt.de\/index.php\/wp-json\/wp\/v2\/types\/post"}],"author":[{"embeddable":true,"href":"https:\/\/www.durch-die-welt.de\/index.php\/wp-json\/wp\/v2\/users\/2"}],"replies":[{"embeddable":true,"href":"https:\/\/www.durch-die-welt.de\/index.php\/wp-json\/wp\/v2\/comments?post=767"}],"version-history":[{"count":36,"href":"https:\/\/www.durch-die-welt.de\/index.php\/wp-json\/wp\/v2\/posts\/767\/revisions"}],"predecessor-version":[{"id":822,"href":"https:\/\/www.durch-die-welt.de\/index.php\/wp-json\/wp\/v2\/posts\/767\/revisions\/822"}],"wp:featuredmedia":[{"embeddable":true,"href":"https:\/\/www.durch-die-welt.de\/index.php\/wp-json\/wp\/v2\/media\/794"}],"wp:attachment":[{"href":"https:\/\/www.durch-die-welt.de\/index.php\/wp-json\/wp\/v2\/media?parent=767"}],"wp:term":[{"taxonomy":"category","embeddable":true,"href":"https:\/\/www.durch-die-welt.de\/index.php\/wp-json\/wp\/v2\/categories?post=767"},{"taxonomy":"post_tag","embeddable":true,"href":"https:\/\/www.durch-die-welt.de\/index.php\/wp-json\/wp\/v2\/tags?post=767"}],"curies":[{"name":"wp","href":"https:\/\/api.w.org\/{rel}","templated":true}]}}