{"id":653,"date":"2011-03-25T10:26:17","date_gmt":"2011-03-25T09:26:17","guid":{"rendered":"http:\/\/www.durch-die-welt.de\/?p=653"},"modified":"2013-01-24T12:37:35","modified_gmt":"2013-01-24T11:37:35","slug":"berlin-ii-nachtrag","status":"publish","type":"post","link":"https:\/\/www.durch-die-welt.de\/index.php\/berlin-ii-nachtrag\/","title":{"rendered":"Berlin II &#8211; Nachtrag"},"content":{"rendered":"<p>&nbsp;<\/p>\n<p>Da Berlin ja auch f\u00fcr ein verl\u00e4ngertes Wochenende nicht grad ums Eck liegt wollten wir nicht nur Verwandschaft besuchen und ein Zelt besorgen wie im letzten Artikel beschrieben.<\/p>\n<p>Sonntags machten wir bei strahlendem Sonnenschein\u00a0 einen Ausflug nach Potsdam zu Ingo und Grit. Saukalt wars und seine Kleine ist schon ganzsch\u00f6n gro\u00df geworden.<br \/>\nMontags Kreuzberg erwandern und Wechsel-Zelte besuchen.<br \/>\nDienstag war dann Sightseeing angesagt. Ich wollte sehn was sich in Berlin seit 89 so alles ver\u00e4ndert hatte. Damals stand die Mauer noch! Zuerst Rundblick vom Funkturm, dann zum Alex. Der war schonmal kaum h\u00fcbscher geworden. Jetzt zwar mit deutlich mehr Reklame aber immernoch etwas trist. Zu Fuss dann \u00fcber die Museumsinsel zum Brandenburger Tor\u00a0 und weiter vorbei an der <a href=\"http:\/\/www.holocaust-mahnmal.de\/\">Holocaust Gedenkst\u00e4tte<\/a> zum Potsdamer Platz.<br \/>\nDas Stelenfeld des Mahnmal ist beeindruckend und der Ort der Erinnerung unter der Anlage vermittelt an ausgesuchten Einzelschicksalen die Schrecken der systematischen Judenvernichtung in ganz Europa.<br \/>\nDas Sony Center am Potsdamer Platz ist architektonisch ganz nett, es fehlt dem gesamten Bauensemble aber an Atmosph\u00e4re &#8211; vielleicht war ja auch nur das zwar sonnige aber immernoch kalte Wetter schuld.<br \/>\nDamit war mein Wunschprogramm auch schon erledigt. Zur\u00fcck dann vorbei am Reichstag und Kanzleramt zum Hauptbahnhof.\u00a0 Zwei Stationen weiter noch einmal um die Hackeschen H\u00f6fe und an der neu aufgebauten alten Synagoge vorbei und wieder zur\u00fcck zum Alex. Jetzt brannten uns die F\u00fcsse und das Berlin Touri Pflichtprogramm war abgearbeitet.<\/p>\n<p>Mittwochs brachen wir dann morgens zum Messegel\u00e4nde auf. Auf dem Weg nach Potsdam hatten wir f\u00fcr die Strecke knapp 15 Minuten gebraucht also kalkulierten wir f\u00fcr Montag Vormittag mal mit der doppelten Zeit. 30 Minuten sp\u00e4ter hatten wir auch schon knapp ein Drille des Weges zur\u00fcckgelegt und die Staumeldungen machten uns wenig Hoffnung. Also in Tempelhof runter vom Ring und rein in die S-Bahn.<\/p>\n<p>S-Bahn fahren in Berlin w\u00e4re wieder ein eigenes Kapitel:<br \/>\nAn den meisten Stationen ist entweder kein \u00dcbersichtsplan zu finden und wenn ist es unm\u00f6glich herauszufinden wo man sich gerade befindet.\u00a0 Hat man dann das vermutlich richtige Ticket am langsamen Automaten erstanden ist meist der Zug l\u00e4ngst weg.\u00a0 Das beste war dann nach der Messe &#8211; ca. 50 Leute Standen an den 2 Kartenautomaten: wir sind dann erstmal ohne Ticket zum n\u00e4chsten Umsteigebahnhof gefahren. Ohne die Nette Berlinerin h\u00e4tten wir allerdings nicht gewusst in welche Richtung wir gemusst h\u00e4tten. Keinerlei Hinweise &#8211; Berlin muss sparen! Uns ist es nach wie vor ein R\u00e4tsel wie sich Ortsfremde hier zurechtfinden sollen.<\/p>\n<p>Jetzt aber wieder zur\u00fcck zur Messe. Die ITB ist die weltgr\u00f6\u00dfte Touristik Messe und mein Chef Joe wollte mich schon seit Jahren dazu bringen doch mal mitzukommen. Da wir unsere Libyen Tour absagen mussten hatte ich dieses Jahr Zeit und wollte die Gelegenheit gleich nutzen um Kontakte f\u00fcr unsere S\u00fcdamerika Reise zu kn\u00fcpfen.<br \/>\nWir hatten uns vorgenommen uns einen Tag in den beiden S\u00fcdamerika Hallen umzusehen. Die erste mit dem s\u00fcdlichen S\u00fcdamerika haben wir auch ganz gut geschafft und einige interessante Veranstalter kennengelernt. Durch die zweite S\u00fcdamerika-Halle mit den karibischen und Mittelamerikanicshen L\u00e4ndern sind wir nurnoch kurz durchgegangen und haben vereinzelt Infomaterial mitgenommen. Die Messe ist wirklich riesengro\u00df. Zu Fuss braucht man fast eine halbe Stunde nur um auf dem k\u00fcrzesten Weg einmal ans andere Ende zu gelangen. Dabei sind aber in weiten Teilen 3 Hallen nebeneinander und das ganze teilweise sogar zweist\u00f6ckig.\u00a0 Gigantisch gro\u00df, aber f\u00fcr Motorradreisende nicht allzu ergiebig. Bei <a href=\"http:\/\/www.overcross.de\/touren.php?land=60&amp;monat=&amp;id=5\">Overcross <\/a>wird es aber bald einige Interessante neue Erlebnisreisen in S\u00fcdamerika geben &#8211; Wir veranstalten ja nicht nur Motorradreisen.<\/p>\n<p>[nggallery id=8]<\/p>\n","protected":false},"excerpt":{"rendered":"<p>&nbsp; Da Berlin ja auch f\u00fcr ein verl\u00e4ngertes Wochenende nicht grad ums Eck liegt wollten wir nicht nur Verwandschaft besuchen und ein Zelt besorgen wie im letzten Artikel beschrieben. Sonntags machten wir bei strahlendem Sonnenschein\u00a0 einen Ausflug nach Potsdam zu Ingo und Grit. Saukalt wars und seine Kleine ist schon ganzsch\u00f6n gro\u00df geworden. Montags Kreuzberg <a href='https:\/\/www.durch-die-welt.de\/index.php\/berlin-ii-nachtrag\/' class='excerpt-more'>[&#8230;]<\/a><\/p>\n","protected":false},"author":2,"featured_media":0,"comment_status":"open","ping_status":"closed","sticky":false,"template":"","format":"gallery","meta":{"footnotes":""},"categories":[6,57],"tags":[307,321,322,90,323],"class_list":["post-653","post","type-post","status-publish","format-gallery","hentry","category-zwischenmeldung","category-vorbereitung","tag-reiseberichte","tag-berlin","tag-wechsel","tag-itb","tag-motorradreise","post_format-post-format-gallery","category-6-id","category-57-id","post-seq-1","post-parity-odd","meta-position-corners","fix"],"_links":{"self":[{"href":"https:\/\/www.durch-die-welt.de\/index.php\/wp-json\/wp\/v2\/posts\/653","targetHints":{"allow":["GET"]}}],"collection":[{"href":"https:\/\/www.durch-die-welt.de\/index.php\/wp-json\/wp\/v2\/posts"}],"about":[{"href":"https:\/\/www.durch-die-welt.de\/index.php\/wp-json\/wp\/v2\/types\/post"}],"author":[{"embeddable":true,"href":"https:\/\/www.durch-die-welt.de\/index.php\/wp-json\/wp\/v2\/users\/2"}],"replies":[{"embeddable":true,"href":"https:\/\/www.durch-die-welt.de\/index.php\/wp-json\/wp\/v2\/comments?post=653"}],"version-history":[{"count":12,"href":"https:\/\/www.durch-die-welt.de\/index.php\/wp-json\/wp\/v2\/posts\/653\/revisions"}],"predecessor-version":[{"id":3040,"href":"https:\/\/www.durch-die-welt.de\/index.php\/wp-json\/wp\/v2\/posts\/653\/revisions\/3040"}],"wp:attachment":[{"href":"https:\/\/www.durch-die-welt.de\/index.php\/wp-json\/wp\/v2\/media?parent=653"}],"wp:term":[{"taxonomy":"category","embeddable":true,"href":"https:\/\/www.durch-die-welt.de\/index.php\/wp-json\/wp\/v2\/categories?post=653"},{"taxonomy":"post_tag","embeddable":true,"href":"https:\/\/www.durch-die-welt.de\/index.php\/wp-json\/wp\/v2\/tags?post=653"}],"curies":[{"name":"wp","href":"https:\/\/api.w.org\/{rel}","templated":true}]}}