{"id":1286,"date":"2011-09-09T12:55:54","date_gmt":"2011-09-09T11:55:54","guid":{"rendered":"http:\/\/www.durch-die-welt.de\/?p=1286"},"modified":"2024-01-18T11:08:18","modified_gmt":"2024-01-18T10:08:18","slug":"die-nervositaet-steigt","status":"publish","type":"post","link":"https:\/\/www.durch-die-welt.de\/index.php\/die-nervositaet-steigt\/","title":{"rendered":"Die Nervosit\u00e4t steigt &#8211; Abenteuer S\u00fcdamerika"},"content":{"rendered":"<p>Keine drei Wochen bis zu unserem Flug.\u00a0 Noch 2 Wochen bis zum Auszug. Noch 3 Arbeitstage.<\/p>\n<p>Jetzt geht&#8217;s los. Es gibt kein Zur\u00fcck mehr. Unsere Motorr\u00e4der sind bereits unterwegs nach S\u00fcdamerika. Gemeinsam werden wir diesen, uns unbekannte Kontinent in den n\u00e4chsten 12 Monaten erkunden. Den Alltag in Deutschland hinter uns lassen. Unser\u00a0 gr\u00f6sstes Abenteuer erleben.<br \/>\nDie ersten Zweifel plagen uns. Haben wir alles dabei? Ist der Daunenschlafsack nicht doch etwas zu warm? F\u00fcr die Tropen und W\u00fcsten sicherlich, aber da sind dann ja auch die eisigen H\u00f6hen des Altinplano.<br \/>\nIst unser Expeditionszelt im Alltag zu unpraktisch? F\u00fcr Patagonien soll es aber auch allen St\u00fcrmen wiederstehen.<br \/>\nWerden die Motorr\u00e4der durchhalten? Mein Vergaser l\u00e4uft\u00a0 immernoch zu mager.<br \/>\nBekommen wir die Motorr\u00e4der aus dem Hafen? Die ber\u00fcchtigte Zollabfertigung in Buenos Aires\u00a0 und gierige Polizisten erwarten uns.<br \/>\nAber dann ist da wieder die Vorfreuden auf ein Jahr voller Freiheit, Ungebundenheit, ohne Termine und verschiedenste, spektakul\u00e4re Landschaften.<\/p>\n<p>Fr\u00fcher war das Reisen irgendwie noch nicht so kompliziert. In 15 Minuten Schlafsack und Isomatte in die Packrolle gestopft und auf nach Italien. Regnen wirds schon ned und falls doch wird der Biwaksack reichen.<br \/>\nDann ging&#8217;s zum ersten mal nach Afrika und in die W\u00fcste. Zuerst noch unbekannt und spannend verlor die Sahara nach der Fahrt nach Dakar, durch die vielen \u00fcberwinternden Rentner mit Ihren riesigen Reisemobilen,\u00a0 etwas an Abenteuer.<\/p>\n<p>Fr\u00fcher ganz ohne Zelt, jetzt die Bedenken obs komfortabel genug ist? Werd ich alt? Das kann nicht sein. Erst letzte Woche hat mich Bernd Tesch angerufen, der auch eine S\u00fcdamerika Reise plant. Er f\u00fchlt sich\u00a0 mit seinen 70 Jahren auch noch nicht zu alt f\u00fcr solche Reisen.<\/p>\n<p>Auf einer Motorradreise muss man sich Einschr\u00e4nken. Egal ob f\u00fcr eine Woche oder ein Jahr. Mehr Platz f\u00fcr Gep\u00e4ck ist nicht.\u00a0 Aber ist das wirklich eine Einschr\u00e4nkung?<br \/>\nSobald ich in der freien Natur mein Zelt aufgeschlagen hab, das Panorama genie\u00dfe und Feuerholz sammle, fehlt mir nichts weiter. Ich bin zufrieden. Telefon, Internet, Fernseher, Stereoanlage &#8211; nichts fehlt mir. Solange ich in Deutschland bin, kann ich nicht ohne. Die Glotze l\u00e4uft ununterbrochen und parallel dazu lockt der Rechner und das Webs mit seinen s\u00fcchtig machenden virtuellen Welten, den Chats und Social Networks. Jede Facebook Statusmeldung wird im monotonen Alltagsged\u00e4mmere\u00a0 zur interessannten Abwechslung.<\/p>\n<p>Absurd. Ich muss hier raus.<br \/>\nUnterwegs brauche ich das alles nicht.<br \/>\nEin trockener, gesch\u00fctzter Platz zum Schlafen, Essen und Trinken und\u00a0 ein Feuer &#8211; schon ist alles perfekt und ich bin\u00a0 zufrieden.<\/p>\n<p><img loading=\"lazy\" decoding=\"async\" class=\"alignnone wp-image-1289 size-full\" title=\"Suse Feuer\" src=\"https:\/\/www.durch-die-welt.de\/wp-content\/uploads\/2011\/09\/Suse-Feuer.jpg\" alt=\"\" width=\"640\" height=\"425\" srcset=\"https:\/\/www.durch-die-welt.de\/wp-content\/uploads\/2011\/09\/Suse-Feuer.jpg 640w, https:\/\/www.durch-die-welt.de\/wp-content\/uploads\/2011\/09\/Suse-Feuer-300x199.jpg 300w\" sizes=\"auto, (max-width: 640px) 100vw, 640px\" \/><\/p>\n<p>So &#8211; genug getr\u00e4umt! Raus aus dem Bett. Heut hab ich frei. Also erstmal auf die Couch und vor der Glotze weitergepennt. Danach an den PC, Facebook checken und dann bissl am Blog schreiben&#8230;<\/p>\n<p>&nbsp;<\/p>\n<p>Aber das schlimmste kommt zum Schluss:<br \/>\nErstmals nehme ich ein Netbook mit auf eine Motorradreise, aber zur Navigation, dem Speichern von Fotos und Filmen und dem Kontakt mit Familie und Freunden, \u00fcber email und diesen Blog ist das wahrscheinlich die beste L\u00f6sung.<\/p>\n","protected":false},"excerpt":{"rendered":"<p>Keine drei Wochen bis zu unserem Flug.\u00a0 Noch 2 Wochen bis zum Auszug. Noch 3 Arbeitstage. Jetzt geht&#8217;s los. Es gibt kein Zur\u00fcck mehr. Unsere Motorr\u00e4der sind bereits unterwegs nach S\u00fcdamerika. Gemeinsam werden wir diesen, uns unbekannte Kontinent in den n\u00e4chsten 12 Monaten erkunden. Den Alltag in Deutschland hinter uns lassen. Unser\u00a0 gr\u00f6sstes Abenteuer erleben. <a href='https:\/\/www.durch-die-welt.de\/index.php\/die-nervositaet-steigt\/' class='excerpt-more'>[&#8230;]<\/a><\/p>\n","protected":false},"author":2,"featured_media":0,"comment_status":"open","ping_status":"closed","sticky":false,"template":"","format":"standard","meta":{"footnotes":""},"categories":[6],"tags":[307,323],"class_list":["post-1286","post","type-post","status-publish","format-standard","hentry","category-zwischenmeldung","tag-reiseberichte","tag-motorradreise","category-6-id","post-seq-1","post-parity-odd","meta-position-corners","fix"],"_links":{"self":[{"href":"https:\/\/www.durch-die-welt.de\/index.php\/wp-json\/wp\/v2\/posts\/1286","targetHints":{"allow":["GET"]}}],"collection":[{"href":"https:\/\/www.durch-die-welt.de\/index.php\/wp-json\/wp\/v2\/posts"}],"about":[{"href":"https:\/\/www.durch-die-welt.de\/index.php\/wp-json\/wp\/v2\/types\/post"}],"author":[{"embeddable":true,"href":"https:\/\/www.durch-die-welt.de\/index.php\/wp-json\/wp\/v2\/users\/2"}],"replies":[{"embeddable":true,"href":"https:\/\/www.durch-die-welt.de\/index.php\/wp-json\/wp\/v2\/comments?post=1286"}],"version-history":[{"count":34,"href":"https:\/\/www.durch-die-welt.de\/index.php\/wp-json\/wp\/v2\/posts\/1286\/revisions"}],"predecessor-version":[{"id":5556,"href":"https:\/\/www.durch-die-welt.de\/index.php\/wp-json\/wp\/v2\/posts\/1286\/revisions\/5556"}],"wp:attachment":[{"href":"https:\/\/www.durch-die-welt.de\/index.php\/wp-json\/wp\/v2\/media?parent=1286"}],"wp:term":[{"taxonomy":"category","embeddable":true,"href":"https:\/\/www.durch-die-welt.de\/index.php\/wp-json\/wp\/v2\/categories?post=1286"},{"taxonomy":"post_tag","embeddable":true,"href":"https:\/\/www.durch-die-welt.de\/index.php\/wp-json\/wp\/v2\/tags?post=1286"}],"curies":[{"name":"wp","href":"https:\/\/api.w.org\/{rel}","templated":true}]}}