{"id":1184,"date":"2011-08-18T19:47:41","date_gmt":"2011-08-18T18:47:41","guid":{"rendered":"http:\/\/www.durch-die-welt.de\/?p=1184"},"modified":"2024-01-18T11:07:21","modified_gmt":"2024-01-18T10:07:21","slug":"koffertraeger-selbst-gebaut","status":"publish","type":"post","link":"https:\/\/www.durch-die-welt.de\/index.php\/koffertraeger-selbst-gebaut\/","title":{"rendered":"Motorrad Koffertr\u00e4ger selbst gebaut"},"content":{"rendered":"<p>Nach einem Wochenend-Praxistest haben wir die provisorischen Koffertr\u00e4ger fertiggestellt, eine Gep\u00e4ckbr\u00fccke dazu gebaut und ein paar kleine Details verbessert und verst\u00e4rkt.<\/p>\n<p>Hier ein paar Fotos vom fertigen Motorrad Koffertr\u00e4ger und der Alu Boxen Befestigung<\/p>\n\n\t\t<style type=\"text\/css\">\n\t\t\t#gallery-1 {\n\t\t\t\tmargin: auto;\n\t\t\t}\n\t\t\t#gallery-1 .gallery-item {\n\t\t\t\tfloat: left;\n\t\t\t\tmargin-top: 10px;\n\t\t\t\ttext-align: center;\n\t\t\t\twidth: 50%;\n\t\t\t}\n\t\t\t#gallery-1 img {\n\t\t\t\tborder: 2px solid #cfcfcf;\n\t\t\t}\n\t\t\t#gallery-1 .gallery-caption {\n\t\t\t\tmargin-left: 0;\n\t\t\t}\n\t\t\t\/* see gallery_shortcode() in wp-includes\/media.php *\/\n\t\t<\/style>\n\t\t<div id='gallery-1' class='gallery galleryid-1184 gallery-columns-2 gallery-size-thumbnail'><dl class='gallery-item'>\n\t\t\t<dt class='gallery-icon landscape'>\n\t\t\t\t<a href='https:\/\/www.durch-die-welt.de\/wp-content\/uploads\/2011\/08\/Koffertraeger511.jpg'><img loading=\"lazy\" decoding=\"async\" width=\"150\" height=\"150\" src=\"https:\/\/www.durch-die-welt.de\/wp-content\/uploads\/2011\/08\/Koffertraeger511-150x150.jpg\" class=\"attachment-thumbnail size-thumbnail\" alt=\"\" aria-describedby=\"gallery-1-3060\" srcset=\"https:\/\/www.durch-die-welt.de\/wp-content\/uploads\/2011\/08\/Koffertraeger511-150x150.jpg 150w, https:\/\/www.durch-die-welt.de\/wp-content\/uploads\/2011\/08\/Koffertraeger511-96x96.jpg 96w, https:\/\/www.durch-die-welt.de\/wp-content\/uploads\/2011\/08\/Koffertraeger511-24x24.jpg 24w, https:\/\/www.durch-die-welt.de\/wp-content\/uploads\/2011\/08\/Koffertraeger511-36x36.jpg 36w, https:\/\/www.durch-die-welt.de\/wp-content\/uploads\/2011\/08\/Koffertraeger511-48x48.jpg 48w, https:\/\/www.durch-die-welt.de\/wp-content\/uploads\/2011\/08\/Koffertraeger511-64x64.jpg 64w\" sizes=\"auto, (max-width: 150px) 100vw, 150px\" \/><\/a>\n\t\t\t<\/dt>\n\t\t\t\t<dd class='wp-caption-text gallery-caption' id='gallery-1-3060'>\n\t\t\t\tFl\u00fcgelmutterbefestigung\n\t\t\t\t<\/dd><\/dl><dl class='gallery-item'>\n\t\t\t<dt class='gallery-icon landscape'>\n\t\t\t\t<a href='https:\/\/www.durch-die-welt.de\/wp-content\/uploads\/2011\/08\/Koffertraeger111.jpg'><img loading=\"lazy\" decoding=\"async\" width=\"150\" height=\"150\" src=\"https:\/\/www.durch-die-welt.de\/wp-content\/uploads\/2011\/08\/Koffertraeger111-150x150.jpg\" class=\"attachment-thumbnail size-thumbnail\" alt=\"\" aria-describedby=\"gallery-1-3061\" srcset=\"https:\/\/www.durch-die-welt.de\/wp-content\/uploads\/2011\/08\/Koffertraeger111-150x150.jpg 150w, https:\/\/www.durch-die-welt.de\/wp-content\/uploads\/2011\/08\/Koffertraeger111-96x96.jpg 96w, https:\/\/www.durch-die-welt.de\/wp-content\/uploads\/2011\/08\/Koffertraeger111-24x24.jpg 24w, https:\/\/www.durch-die-welt.de\/wp-content\/uploads\/2011\/08\/Koffertraeger111-36x36.jpg 36w, https:\/\/www.durch-die-welt.de\/wp-content\/uploads\/2011\/08\/Koffertraeger111-48x48.jpg 48w, https:\/\/www.durch-die-welt.de\/wp-content\/uploads\/2011\/08\/Koffertraeger111-64x64.jpg 64w\" sizes=\"auto, (max-width: 150px) 100vw, 150px\" \/><\/a>\n\t\t\t<\/dt>\n\t\t\t\t<dd class='wp-caption-text gallery-caption' id='gallery-1-3061'>\n\t\t\t\tuntere Alu-Boxen Befestigung\n\t\t\t\t<\/dd><\/dl><br style=\"clear: both\" \/><dl class='gallery-item'>\n\t\t\t<dt class='gallery-icon landscape'>\n\t\t\t\t<a href='https:\/\/www.durch-die-welt.de\/wp-content\/uploads\/2011\/08\/Koffertraeger311.jpg'><img loading=\"lazy\" decoding=\"async\" width=\"150\" height=\"150\" src=\"https:\/\/www.durch-die-welt.de\/wp-content\/uploads\/2011\/08\/Koffertraeger311-150x150.jpg\" class=\"attachment-thumbnail size-thumbnail\" alt=\"\" aria-describedby=\"gallery-1-3062\" srcset=\"https:\/\/www.durch-die-welt.de\/wp-content\/uploads\/2011\/08\/Koffertraeger311-150x150.jpg 150w, https:\/\/www.durch-die-welt.de\/wp-content\/uploads\/2011\/08\/Koffertraeger311-96x96.jpg 96w, https:\/\/www.durch-die-welt.de\/wp-content\/uploads\/2011\/08\/Koffertraeger311-24x24.jpg 24w, https:\/\/www.durch-die-welt.de\/wp-content\/uploads\/2011\/08\/Koffertraeger311-36x36.jpg 36w, https:\/\/www.durch-die-welt.de\/wp-content\/uploads\/2011\/08\/Koffertraeger311-48x48.jpg 48w, https:\/\/www.durch-die-welt.de\/wp-content\/uploads\/2011\/08\/Koffertraeger311-64x64.jpg 64w\" sizes=\"auto, (max-width: 150px) 100vw, 150px\" \/><\/a>\n\t\t\t<\/dt>\n\t\t\t\t<dd class='wp-caption-text gallery-caption' id='gallery-1-3062'>\n\t\t\t\tdoppelte Fu\u00dfrastenanbindung\n\t\t\t\t<\/dd><\/dl><dl class='gallery-item'>\n\t\t\t<dt class='gallery-icon landscape'>\n\t\t\t\t<a href='https:\/\/www.durch-die-welt.de\/wp-content\/uploads\/2011\/08\/Koffertraeger411.jpg'><img loading=\"lazy\" decoding=\"async\" width=\"150\" height=\"150\" src=\"https:\/\/www.durch-die-welt.de\/wp-content\/uploads\/2011\/08\/Koffertraeger411-150x150.jpg\" class=\"attachment-thumbnail size-thumbnail\" alt=\"\" aria-describedby=\"gallery-1-3063\" srcset=\"https:\/\/www.durch-die-welt.de\/wp-content\/uploads\/2011\/08\/Koffertraeger411-150x150.jpg 150w, https:\/\/www.durch-die-welt.de\/wp-content\/uploads\/2011\/08\/Koffertraeger411-96x96.jpg 96w, https:\/\/www.durch-die-welt.de\/wp-content\/uploads\/2011\/08\/Koffertraeger411-24x24.jpg 24w, https:\/\/www.durch-die-welt.de\/wp-content\/uploads\/2011\/08\/Koffertraeger411-36x36.jpg 36w, https:\/\/www.durch-die-welt.de\/wp-content\/uploads\/2011\/08\/Koffertraeger411-48x48.jpg 48w, https:\/\/www.durch-die-welt.de\/wp-content\/uploads\/2011\/08\/Koffertraeger411-64x64.jpg 64w\" sizes=\"auto, (max-width: 150px) 100vw, 150px\" \/><\/a>\n\t\t\t<\/dt>\n\t\t\t\t<dd class='wp-caption-text gallery-caption' id='gallery-1-3063'>\n\t\t\t\tKoffertr\u00e4ger mit Gep\u00e4ckbr\u00fccke\n\t\t\t\t<\/dd><\/dl><br style=\"clear: both\" \/>\n\t\t<\/div>\n\n<p>&nbsp;<\/p>\n","protected":false},"excerpt":{"rendered":"<p>Nach einem Wochenend-Praxistest haben wir die provisorischen Koffertr\u00e4ger fertiggestellt, eine Gep\u00e4ckbr\u00fccke dazu gebaut und ein paar kleine Details verbessert und verst\u00e4rkt. Hier ein paar Fotos vom fertigen Motorrad Koffertr\u00e4ger und der Alu Boxen Befestigung &nbsp;<\/p>\n","protected":false},"author":2,"featured_media":0,"comment_status":"open","ping_status":"closed","sticky":false,"template":"","format":"standard","meta":{"footnotes":""},"categories":[57],"tags":[320,104,123,126],"class_list":["post-1184","post","type-post","status-publish","format-standard","hentry","category-vorbereitung","tag-motorrad","tag-koffertraeger","tag-gepaecktraeger","tag-alu-boxen","category-57-id","post-seq-1","post-parity-odd","meta-position-corners","fix"],"_links":{"self":[{"href":"https:\/\/www.durch-die-welt.de\/index.php\/wp-json\/wp\/v2\/posts\/1184","targetHints":{"allow":["GET"]}}],"collection":[{"href":"https:\/\/www.durch-die-welt.de\/index.php\/wp-json\/wp\/v2\/posts"}],"about":[{"href":"https:\/\/www.durch-die-welt.de\/index.php\/wp-json\/wp\/v2\/types\/post"}],"author":[{"embeddable":true,"href":"https:\/\/www.durch-die-welt.de\/index.php\/wp-json\/wp\/v2\/users\/2"}],"replies":[{"embeddable":true,"href":"https:\/\/www.durch-die-welt.de\/index.php\/wp-json\/wp\/v2\/comments?post=1184"}],"version-history":[{"count":10,"href":"https:\/\/www.durch-die-welt.de\/index.php\/wp-json\/wp\/v2\/posts\/1184\/revisions"}],"predecessor-version":[{"id":5555,"href":"https:\/\/www.durch-die-welt.de\/index.php\/wp-json\/wp\/v2\/posts\/1184\/revisions\/5555"}],"wp:attachment":[{"href":"https:\/\/www.durch-die-welt.de\/index.php\/wp-json\/wp\/v2\/media?parent=1184"}],"wp:term":[{"taxonomy":"category","embeddable":true,"href":"https:\/\/www.durch-die-welt.de\/index.php\/wp-json\/wp\/v2\/categories?post=1184"},{"taxonomy":"post_tag","embeddable":true,"href":"https:\/\/www.durch-die-welt.de\/index.php\/wp-json\/wp\/v2\/tags?post=1184"}],"curies":[{"name":"wp","href":"https:\/\/api.w.org\/{rel}","templated":true}]}}